{"id":303,"date":"2023-12-03T16:55:18","date_gmt":"2023-12-03T16:55:18","guid":{"rendered":"https:\/\/musicasacrabaq.com\/?p=303"},"modified":"2023-12-03T18:25:06","modified_gmt":"2023-12-03T18:25:06","slug":"cantos-de-adviento-ciclo-b","status":"publish","type":"post","link":"https:\/\/musicasacrabaq.com\/?p=303","title":{"rendered":"Cantos de Adviento Ciclo B"},"content":{"rendered":"\n<div class=\"wp-block-ive-ibtana-visual-editorheading\"><div class=\"ive-advanced-text-wrap ive-div-advance-text_e1e403-ed undefined text-center text-md-center text-lg-center text-xl-center\"><h2 class=\"ive-heading-parent undefined ive-advanced-text-inner-wrap ive-adv-advance-text_e1e403-ed ive-lh-xs-30 ive-lh-sm-30 ive-lh-md-30 ive-lh-lg-30 ive-lh-xl-30\" id=\"ive-adv-advance-text_e1e403-ed\">Cantos de Entrada<\/h2><\/div><\/div>\n\n\n\n<p>El pueblo que espera (Dumas y Mary)<\/p>\n\n\n\n<figure class=\"wp-block-embed is-type-video is-provider-youtube wp-block-embed-youtube wp-embed-aspect-16-9 wp-has-aspect-ratio\"><div class=\"wp-block-embed__wrapper\">\n<iframe loading=\"lazy\" title=\"Canto de entrada: El pueblo que espera\" width=\"962\" height=\"541\" src=\"https:\/\/www.youtube.com\/embed\/hWUCIvMzW1A?list=PLopDARAKOGYb1djdUfSwuC4YkqHXGSURv\" frameborder=\"0\" allow=\"accelerometer; autoplay; clipboard-write; encrypted-media; gyroscope; picture-in-picture; web-share\" allowfullscreen><\/iframe>\n<\/div><\/figure>\n\n\n\n<div data-wp-interactive=\"core\/file\" class=\"wp-block-file\"><object data-wp-bind--hidden=\"!state.hasPdfPreview\"  class=\"wp-block-file__embed\" data=\"https:\/\/musicasacrabaq.com\/wp-content\/uploads\/2023\/12\/ENTRADA.pdf\" type=\"application\/pdf\" style=\"width:100%;height:600px\" aria-label=\"Incrustado de ENTRADA.\"><\/object><a id=\"wp-block-file--media-60f08b84-c7e2-4ae2-98c5-f4329254c119\" href=\"https:\/\/musicasacrabaq.com\/wp-content\/uploads\/2023\/12\/ENTRADA.pdf\">ENTRADA<\/a><a href=\"https:\/\/musicasacrabaq.com\/wp-content\/uploads\/2023\/12\/ENTRADA.pdf\" class=\"wp-block-file__button wp-element-button\" download aria-describedby=\"wp-block-file--media-60f08b84-c7e2-4ae2-98c5-f4329254c119\">Descargar<\/a><\/div>\n\n\n\n<p>Aclamaci\u00f3n: Se\u00f1or, Ten Piedad.<\/p>\n\n\n\n<figure class=\"wp-block-embed is-type-video is-provider-youtube wp-block-embed-youtube wp-embed-aspect-16-9 wp-has-aspect-ratio\"><div class=\"wp-block-embed__wrapper\">\n<iframe loading=\"lazy\" title=\"Aclamaci\u00f3n: Se\u00f1or ten piedad\" width=\"962\" height=\"541\" src=\"https:\/\/www.youtube.com\/embed\/R5YC4fof9bg?list=PLopDARAKOGYb1djdUfSwuC4YkqHXGSURv\" frameborder=\"0\" allow=\"accelerometer; autoplay; clipboard-write; encrypted-media; gyroscope; picture-in-picture; web-share\" allowfullscreen><\/iframe>\n<\/div><\/figure>\n\n\n\n<div data-wp-interactive=\"core\/file\" class=\"wp-block-file\"><object data-wp-bind--hidden=\"!state.hasPdfPreview\"  class=\"wp-block-file__embed\" data=\"https:\/\/musicasacrabaq.com\/wp-content\/uploads\/2023\/12\/PIEDAD.pdf\" type=\"application\/pdf\" style=\"width:100%;height:600px\" aria-label=\"Incrustado de PIEDAD.\"><\/object><a id=\"wp-block-file--media-d68bb2a9-73a8-4ec9-88d1-328ba58f09cf\" href=\"https:\/\/musicasacrabaq.com\/wp-content\/uploads\/2023\/12\/PIEDAD.pdf\">PIEDAD<\/a><a href=\"https:\/\/musicasacrabaq.com\/wp-content\/uploads\/2023\/12\/PIEDAD.pdf\" class=\"wp-block-file__button wp-element-button\" download aria-describedby=\"wp-block-file--media-d68bb2a9-73a8-4ec9-88d1-328ba58f09cf\">Descargar<\/a><\/div>\n\n\n\n<p>Aclamaci\u00f3n: Aleluya<\/p>\n\n\n\n<figure class=\"wp-block-embed is-type-video is-provider-youtube wp-block-embed-youtube wp-embed-aspect-16-9 wp-has-aspect-ratio\"><div class=\"wp-block-embed__wrapper\">\n<iframe loading=\"lazy\" title=\"Aclamaci\u00f3n: Aleluya\" width=\"962\" height=\"541\" src=\"https:\/\/www.youtube.com\/embed\/13RRyc2xrIQ?list=PLopDARAKOGYb1djdUfSwuC4YkqHXGSURv\" frameborder=\"0\" allow=\"accelerometer; autoplay; clipboard-write; encrypted-media; gyroscope; picture-in-picture; web-share\" allowfullscreen><\/iframe>\n<\/div><\/figure>\n\n\n\n<p>Ant\u00edfonas antes del evangelio<\/p>\n\n\n\n<p>1\u00ba Domingo de Adviento ciclo A, B, C:<br>Mu\u00e9stranos, Se\u00f1or, tu misericordia y danos tu salvaci\u00f3n.<\/p>\n\n\n\n<p>2\u00ba Domingo de Adviento ciclo A, B, C:<br>Preparad el camino del Se\u00f1or, allanad sus senderos.<br>Todos ver\u00e1n la salvaci\u00f3n de Dios.<\/p>\n\n\n\n<p>3\u00ba Domingo de Adviento ciclo A, B, C:<br>El Esp\u00edritu del Se\u00f1or est\u00e1 sobre m\u00ed;<br>me ha enviado para anunciar el Evangelio a los pobres.<\/p>\n\n\n\n<p>4\u00ba Domingo de Adviento ciclo A:<br>Mirad: la Virgen concebir\u00e1 y dar\u00e1 a luz un hijo<br>y le pondr\u00e1 por nombre Emmanuel, Dios con nosotros.<\/p>\n\n\n\n<p>4\u00ba Domingo de Adviento ciclo B, C:<br>Aqu\u00ed est\u00e1 la esclava del Se\u00f1or, h\u00e1gase en m\u00ed seg\u00fan tu palabra.<\/p>\n\n\n\n<p><\/p>\n\n\n\n<p><\/p>\n\n\n\n<p><\/p>\n\n\n\n<h1 class=\"wp-block-heading\">Canto de ofertorio: Pan y vino<\/h1>\n\n\n\n<figure class=\"wp-block-embed is-type-video is-provider-youtube wp-block-embed-youtube wp-embed-aspect-16-9 wp-has-aspect-ratio\"><div class=\"wp-block-embed__wrapper\">\n<iframe loading=\"lazy\" title=\"Canto de ofertorio: Pan y vino\" width=\"962\" height=\"541\" src=\"https:\/\/www.youtube.com\/embed\/k_GINhlIRWc?list=PLopDARAKOGYb1djdUfSwuC4YkqHXGSURv\" frameborder=\"0\" allow=\"accelerometer; autoplay; clipboard-write; encrypted-media; gyroscope; picture-in-picture; web-share\" allowfullscreen><\/iframe>\n<\/div><\/figure>\n\n\n\n<div data-wp-interactive=\"core\/file\" class=\"wp-block-file\"><object data-wp-bind--hidden=\"!state.hasPdfPreview\"  class=\"wp-block-file__embed\" data=\"https:\/\/musicasacrabaq.com\/wp-content\/uploads\/2023\/12\/OFERTORIO.pdf\" type=\"application\/pdf\" style=\"width:100%;height:600px\" aria-label=\"Incrustado de OFERTORIO.\"><\/object><a id=\"wp-block-file--media-f673127b-231d-45ed-b2ff-bb2ca1e2cb81\" href=\"https:\/\/musicasacrabaq.com\/wp-content\/uploads\/2023\/12\/OFERTORIO.pdf\">OFERTORIO<\/a><a href=\"https:\/\/musicasacrabaq.com\/wp-content\/uploads\/2023\/12\/OFERTORIO.pdf\" class=\"wp-block-file__button wp-element-button\" download aria-describedby=\"wp-block-file--media-f673127b-231d-45ed-b2ff-bb2ca1e2cb81\">Descargar<\/a><\/div>\n\n\n\n<p><\/p>\n\n\n\n<p><\/p>\n\n\n\n<p>Santo<\/p>\n\n\n\n<figure class=\"wp-block-embed is-type-video is-provider-youtube wp-block-embed-youtube wp-embed-aspect-16-9 wp-has-aspect-ratio\"><div class=\"wp-block-embed__wrapper\">\n<iframe loading=\"lazy\" title=\"Aclamaci\u00f3n: Santo\" width=\"962\" height=\"541\" src=\"https:\/\/www.youtube.com\/embed\/P3SMsMTWE2U?list=PLopDARAKOGYb1djdUfSwuC4YkqHXGSURv\" frameborder=\"0\" allow=\"accelerometer; autoplay; clipboard-write; encrypted-media; gyroscope; picture-in-picture; web-share\" allowfullscreen><\/iframe>\n<\/div><\/figure>\n\n\n\n<p><\/p>\n\n\n\n<p><\/p>\n\n\n\n<p>Cordero de Dios:<\/p>\n\n\n\n<figure class=\"wp-block-embed is-type-video is-provider-youtube wp-block-embed-youtube wp-embed-aspect-16-9 wp-has-aspect-ratio\"><div class=\"wp-block-embed__wrapper\">\n<iframe loading=\"lazy\" title=\"Invocaci\u00f3n: Cordero de Dios\" width=\"962\" height=\"541\" src=\"https:\/\/www.youtube.com\/embed\/_x_98ti2Oxk?list=PLopDARAKOGYb1djdUfSwuC4YkqHXGSURv\" frameborder=\"0\" allow=\"accelerometer; autoplay; clipboard-write; encrypted-media; gyroscope; picture-in-picture; web-share\" allowfullscreen><\/iframe>\n<\/div><\/figure>\n\n\n\n<p><\/p>\n\n\n\n<p>Comuni\u00f3n: Ya est\u00e1 cerca el Se\u00f1or<\/p>\n\n\n\n<figure class=\"wp-block-embed is-type-video is-provider-youtube wp-block-embed-youtube wp-embed-aspect-16-9 wp-has-aspect-ratio\"><div class=\"wp-block-embed__wrapper\">\n<iframe loading=\"lazy\" title=\"Canto de comuni\u00f3n: Ya est\u00e1 cerca el Se\u00f1or\" width=\"962\" height=\"541\" src=\"https:\/\/www.youtube.com\/embed\/eSWsiUtFaZE?list=PLopDARAKOGYb1djdUfSwuC4YkqHXGSURv\" frameborder=\"0\" allow=\"accelerometer; autoplay; clipboard-write; encrypted-media; gyroscope; picture-in-picture; web-share\" allowfullscreen><\/iframe>\n<\/div><\/figure>\n\n\n\n<p><\/p>\n\n\n\n<p>Salida: Se\u00f1ora de la espera.<\/p>\n\n\n\n<figure class=\"wp-block-embed is-type-video is-provider-youtube wp-block-embed-youtube wp-embed-aspect-16-9 wp-has-aspect-ratio\"><div class=\"wp-block-embed__wrapper\">\n<iframe loading=\"lazy\" title=\"Canto de despedida: Se\u00f1ora de la espera\" width=\"962\" height=\"541\" src=\"https:\/\/www.youtube.com\/embed\/Tz1JTCiviA4?list=PLopDARAKOGYb1djdUfSwuC4YkqHXGSURv\" frameborder=\"0\" allow=\"accelerometer; autoplay; clipboard-write; encrypted-media; gyroscope; picture-in-picture; web-share\" allowfullscreen><\/iframe>\n<\/div><\/figure>\n\n\n\n<div data-wp-interactive=\"core\/file\" class=\"wp-block-file\"><object data-wp-bind--hidden=\"!state.hasPdfPreview\"  class=\"wp-block-file__embed\" data=\"https:\/\/musicasacrabaq.com\/wp-content\/uploads\/2023\/12\/SALIDA.pdf\" type=\"application\/pdf\" style=\"width:100%;height:600px\" aria-label=\"Incrustado de SALIDA.\"><\/object><a id=\"wp-block-file--media-48882517-0ee0-4c59-8d2d-694486f4a234\" href=\"https:\/\/musicasacrabaq.com\/wp-content\/uploads\/2023\/12\/SALIDA.pdf\">SALIDA<\/a><a href=\"https:\/\/musicasacrabaq.com\/wp-content\/uploads\/2023\/12\/SALIDA.pdf\" class=\"wp-block-file__button wp-element-button\" download aria-describedby=\"wp-block-file--media-48882517-0ee0-4c59-8d2d-694486f4a234\">Descargar<\/a><\/div>\n","protected":false},"excerpt":{"rendered":"<p>El pueblo que espera (Dumas y Mary) Aclamaci\u00f3n: Se\u00f1or, Ten &hellip;<\/p>\n","protected":false},"author":1,"featured_media":301,"comment_status":"closed","ping_status":"closed","sticky":false,"template":"","format":"standard","meta":{"_regular_price":[],"currency_symbol":[],"om_disable_all_campaigns":false,"_mi_skip_tracking":false,"footnotes":""},"categories":[35],"tags":[],"aioseo_notices":[],"post_slider_layout_featured_media_urls":{"thumbnail":["https:\/\/musicasacrabaq.com\/wp-content\/uploads\/2023\/12\/corona-adviento-150x150.jpg",150,150,true],"post_slider_layout_landscape_large":["https:\/\/musicasacrabaq.com\/wp-content\/uploads\/2023\/12\/corona-adviento.jpg",800,651,false],"post_slider_layout_portrait_large":["https:\/\/musicasacrabaq.com\/wp-content\/uploads\/2023\/12\/corona-adviento.jpg",800,651,false],"post_slider_layout_square_large":["https:\/\/musicasacrabaq.com\/wp-content\/uploads\/2023\/12\/corona-adviento.jpg",800,651,false],"post_slider_layout_landscape":["https:\/\/musicasacrabaq.com\/wp-content\/uploads\/2023\/12\/corona-adviento-600x400.jpg",600,400,true],"post_slider_layout_portrait":["https:\/\/musicasacrabaq.com\/wp-content\/uploads\/2023\/12\/corona-adviento-600x651.jpg",600,651,true],"post_slider_layout_square":["https:\/\/musicasacrabaq.com\/wp-content\/uploads\/2023\/12\/corona-adviento-600x600.jpg",600,600,true],"full":["https:\/\/musicasacrabaq.com\/wp-content\/uploads\/2023\/12\/corona-adviento.jpg",800,651,false]},"_links":{"self":[{"href":"https:\/\/musicasacrabaq.com\/index.php?rest_route=\/wp\/v2\/posts\/303"}],"collection":[{"href":"https:\/\/musicasacrabaq.com\/index.php?rest_route=\/wp\/v2\/posts"}],"about":[{"href":"https:\/\/musicasacrabaq.com\/index.php?rest_route=\/wp\/v2\/types\/post"}],"author":[{"embeddable":true,"href":"https:\/\/musicasacrabaq.com\/index.php?rest_route=\/wp\/v2\/users\/1"}],"replies":[{"embeddable":true,"href":"https:\/\/musicasacrabaq.com\/index.php?rest_route=%2Fwp%2Fv2%2Fcomments&post=303"}],"version-history":[{"count":2,"href":"https:\/\/musicasacrabaq.com\/index.php?rest_route=\/wp\/v2\/posts\/303\/revisions"}],"predecessor-version":[{"id":310,"href":"https:\/\/musicasacrabaq.com\/index.php?rest_route=\/wp\/v2\/posts\/303\/revisions\/310"}],"wp:featuredmedia":[{"embeddable":true,"href":"https:\/\/musicasacrabaq.com\/index.php?rest_route=\/wp\/v2\/media\/301"}],"wp:attachment":[{"href":"https:\/\/musicasacrabaq.com\/index.php?rest_route=%2Fwp%2Fv2%2Fmedia&parent=303"}],"wp:term":[{"taxonomy":"category","embeddable":true,"href":"https:\/\/musicasacrabaq.com\/index.php?rest_route=%2Fwp%2Fv2%2Fcategories&post=303"},{"taxonomy":"post_tag","embeddable":true,"href":"https:\/\/musicasacrabaq.com\/index.php?rest_route=%2Fwp%2Fv2%2Ftags&post=303"}],"curies":[{"name":"wp","href":"https:\/\/api.w.org\/{rel}","templated":true}]}}